{"id":574,"date":"2024-04-09T10:56:51","date_gmt":"2024-04-09T13:56:51","guid":{"rendered":"https:\/\/transito.cambe.pr.gov.br\/?p=574"},"modified":"2025-01-17T09:45:08","modified_gmt":"2025-01-17T12:45:08","slug":"cruzamento-da-rua-presidente-nilo-pecanha-com-a-pr-445-esta-liberado","status":"publish","type":"post","link":"https:\/\/transito.cambe.pr.gov.br\/index.php\/cruzamento-da-rua-presidente-nilo-pecanha-com-a-pr-445-esta-liberado\/","title":{"rendered":"Cruzamento da Rua Presidente Nilo Pe\u00e7anha com a PR-445 est\u00e1 liberado"},"content":{"rendered":"<p style=\"text-align: justify;\"><img loading=\"lazy\" decoding=\"async\" class=\"alignleft\" src=\"https:\/\/www.cambe.pr.gov.br\/wp-content\/uploads\/2024\/04\/WhatsApp-Image-2024-04-01-at-2.50.31-PM-1024x576.jpeg\" width=\"382\" height=\"215\" \/><span style=\"font-family: arial, helvetica, sans-serif; color: #000000;\">Por conta das obras do viaduto da PUC e o tr\u00e2nsito lento na BR-369, o Departamento de Estradas e Rodagem (DER) havia determinado que o cruzamento da Rua Presidente Nilo Pe\u00e7anha com a PR-445 fosse interditado nos hor\u00e1rios de pico para facilitar o acesso ao Parque de Exposi\u00e7\u00f5es Ney Braga durante a ExpoLondrina. No entanto, o fluxo intenso n\u00e3o se deu como previsto e a Prefeitura de Camb\u00e9 liberou novamente a via por baixo do viaduto.<\/span><\/p>\n<p style=\"text-align: justify;\"><span style=\"font-family: arial, helvetica, sans-serif; color: #000000;\">De acordo com o plano de gerenciamento de acessos para a feira do DER, a rodovia PR-445 seria o principal acesso ao parque com fluxo concentrado pela agulha da marginal na altura do Motel Gaivota, seguindo at\u00e9 ao Estacionamento Camb\u00e9. No entanto, logo ap\u00f3s a entrada na marginal tem o sem\u00e1foro da Rua Presidente Nilo Pe\u00e7anha que, ao interromper o fluxo, poderia ocasionar congestionamento na via e bloqueio do fluxo. Com isso, o DER determinou que o tr\u00e1fego por baixo da PR-445 seria bloqueado temporariamente entre \u00e0s 17h e 20h durante todos os dias da ExpoLondrina.<\/span><\/p>\n<p style=\"text-align: justify;\"><span style=\"font-family: arial, helvetica, sans-serif; color: #000000;\">Por\u00e9m, o fluxo previsto n\u00e3o aconteceu, com a maioria dos motoristas ainda utilizando o acesso principal, pela BR-369, mesmo com congestionamento. Diante desse cen\u00e1rio, a Prefeitura de Camb\u00e9 liberou o cruzamento sob a PR-445, na liga\u00e7\u00e3o entre as Ruas Marechal Eurico Gaspar Dutra e Presidente Nilo Pe\u00e7anha, para n\u00e3o causar maiores transtornos \u00e0 popula\u00e7\u00e3o cambeense, principalmente os moradores do bairros Silvino, Ana Elisa e Bandeirantes.<\/span><\/p>\n<p style=\"text-align: justify;\"><span style=\"font-family: arial, helvetica, sans-serif; color: #000000;\">A secret\u00e1ria municipal de Seguran\u00e7a P\u00fablica e Tr\u00e2nsito, Dana\u00ea Fernandes, explicou que mesmo com a libera\u00e7\u00e3o, os agentes de tr\u00e2nsito seguem atuando na regi\u00e3o durante a Expo. \u201cA Prefeitura de Camb\u00e9 manteve os agentes ali nos hor\u00e1rios de pico, monitorando a necessidade de interven\u00e7\u00e3o no fluxo vi\u00e1rio em tempo real. Caso tenha necessidade, os agentes estar\u00e3o prontos para entrar em a\u00e7\u00e3o. Mas nos dias tranquilos, todas as vias est\u00e3o liberadas\u201d, disse.<\/span><\/p>\n<hr \/>\n<p style=\"text-align: justify;\"><span style=\"font-family: arial, helvetica, sans-serif; color: #000000;\">Escrito por\u00a0<a class=\"url fn\" style=\"color: #000000;\" title=\"View all posts by Vinicius Augusto Batista Eira\" href=\"https:\/\/www.cambe.pr.gov.br\/index.php\/author\/vabeira\/\">Vinicius Augusto Batista Eira<\/a><\/span><\/p>\n<hr \/>\n<p>&nbsp;<\/p>\n","protected":false},"excerpt":{"rendered":"<p>Por conta das obras do viaduto da PUC e o tr\u00e2nsito lento na BR-369, o Departamento de Estradas e Rodagem (DER) havia determinado que o cruzamento da Rua Presidente Nilo Pe\u00e7anha com a PR-445 fosse interditado nos hor\u00e1rios de pico para facilitar o acesso ao Parque de Exposi\u00e7\u00f5es Ney Braga durante a ExpoLondrina. No entanto, [&hellip;]<\/p>\n","protected":false},"author":3,"featured_media":0,"comment_status":"closed","ping_status":"open","sticky":false,"template":"","format":"standard","meta":{"footnotes":""},"categories":[1],"tags":[],"class_list":["post-574","post","type-post","status-publish","format-standard","hentry","category-principal"],"blocksy_meta":[],"yoast_head":"<!-- This site is optimized with the Yoast SEO plugin v24.4 - https:\/\/yoast.com\/wordpress\/plugins\/seo\/ -->\n<title>Cruzamento da Rua Presidente Nilo Pe\u00e7anha com a PR-445 est\u00e1 liberado - Seguran\u00e7a P\u00fablica e Tr\u00e2nsito - Camb\u00e9<\/title>\n<meta name=\"robots\" content=\"index, follow, max-snippet:-1, max-image-preview:large, max-video-preview:-1\" \/>\n<link rel=\"canonical\" href=\"https:\/\/transito.cambe.pr.gov.br\/index.php\/cruzamento-da-rua-presidente-nilo-pecanha-com-a-pr-445-esta-liberado\/\" \/>\n<meta property=\"og:locale\" content=\"pt_BR\" \/>\n<meta property=\"og:type\" content=\"article\" \/>\n<meta property=\"og:title\" content=\"Cruzamento da Rua Presidente Nilo Pe\u00e7anha com a PR-445 est\u00e1 liberado - Seguran\u00e7a P\u00fablica e Tr\u00e2nsito - Camb\u00e9\" \/>\n<meta property=\"og:description\" content=\"Por conta das obras do viaduto da PUC e o tr\u00e2nsito lento na BR-369, o Departamento de Estradas e Rodagem (DER) havia determinado que o cruzamento da Rua Presidente Nilo Pe\u00e7anha com a PR-445 fosse interditado nos hor\u00e1rios de pico para facilitar o acesso ao Parque de Exposi\u00e7\u00f5es Ney Braga durante a ExpoLondrina. No entanto, [&hellip;]\" \/>\n<meta property=\"og:url\" content=\"https:\/\/transito.cambe.pr.gov.br\/index.php\/cruzamento-da-rua-presidente-nilo-pecanha-com-a-pr-445-esta-liberado\/\" \/>\n<meta property=\"og:site_name\" content=\"Seguran\u00e7a P\u00fablica e Tr\u00e2nsito - Camb\u00e9\" \/>\n<meta property=\"article:publisher\" content=\"https:\/\/www.facebook.com\/DepartamentoTransitoCambe\/\" \/>\n<meta property=\"article:published_time\" content=\"2024-04-09T13:56:51+00:00\" \/>\n<meta property=\"article:modified_time\" content=\"2025-01-17T12:45:08+00:00\" \/>\n<meta property=\"og:image\" content=\"https:\/\/www.cambe.pr.gov.br\/wp-content\/uploads\/2024\/04\/WhatsApp-Image-2024-04-01-at-2.50.31-PM-1024x576.jpeg\" \/>\n<meta name=\"author\" content=\"Lu\u00eds Fernando dos Santos\" \/>\n<meta name=\"twitter:card\" content=\"summary_large_image\" \/>\n<meta name=\"twitter:label1\" content=\"Escrito por\" \/>\n\t<meta name=\"twitter:data1\" content=\"Lu\u00eds Fernando dos Santos\" \/>\n\t<meta name=\"twitter:label2\" content=\"Est. tempo de leitura\" \/>\n\t<meta name=\"twitter:data2\" content=\"2 minutos\" \/>\n<script type=\"application\/ld+json\" class=\"yoast-schema-graph\">{\"@context\":\"https:\/\/schema.org\",\"@graph\":[{\"@type\":\"Article\",\"@id\":\"https:\/\/transito.cambe.pr.gov.br\/index.php\/cruzamento-da-rua-presidente-nilo-pecanha-com-a-pr-445-esta-liberado\/#article\",\"isPartOf\":{\"@id\":\"https:\/\/transito.cambe.pr.gov.br\/index.php\/cruzamento-da-rua-presidente-nilo-pecanha-com-a-pr-445-esta-liberado\/\"},\"author\":{\"name\":\"Lu\u00eds Fernando dos Santos\",\"@id\":\"https:\/\/transito.cambe.pr.gov.br\/#\/schema\/person\/44621909dfbbf61c05ac4cc1387b6311\"},\"headline\":\"Cruzamento da Rua Presidente Nilo Pe\u00e7anha com a PR-445 est\u00e1 liberado\",\"datePublished\":\"2024-04-09T13:56:51+00:00\",\"dateModified\":\"2025-01-17T12:45:08+00:00\",\"mainEntityOfPage\":{\"@id\":\"https:\/\/transito.cambe.pr.gov.br\/index.php\/cruzamento-da-rua-presidente-nilo-pecanha-com-a-pr-445-esta-liberado\/\"},\"wordCount\":355,\"publisher\":{\"@id\":\"https:\/\/transito.cambe.pr.gov.br\/#organization\"},\"image\":{\"@id\":\"https:\/\/transito.cambe.pr.gov.br\/index.php\/cruzamento-da-rua-presidente-nilo-pecanha-com-a-pr-445-esta-liberado\/#primaryimage\"},\"thumbnailUrl\":\"https:\/\/www.cambe.pr.gov.br\/wp-content\/uploads\/2024\/04\/WhatsApp-Image-2024-04-01-at-2.50.31-PM-1024x576.jpeg\",\"articleSection\":[\"Principal\"],\"inLanguage\":\"pt-BR\"},{\"@type\":\"WebPage\",\"@id\":\"https:\/\/transito.cambe.pr.gov.br\/index.php\/cruzamento-da-rua-presidente-nilo-pecanha-com-a-pr-445-esta-liberado\/\",\"url\":\"https:\/\/transito.cambe.pr.gov.br\/index.php\/cruzamento-da-rua-presidente-nilo-pecanha-com-a-pr-445-esta-liberado\/\",\"name\":\"Cruzamento da Rua Presidente Nilo Pe\u00e7anha com a PR-445 est\u00e1 liberado - Seguran\u00e7a P\u00fablica e Tr\u00e2nsito - Camb\u00e9\",\"isPartOf\":{\"@id\":\"https:\/\/transito.cambe.pr.gov.br\/#website\"},\"primaryImageOfPage\":{\"@id\":\"https:\/\/transito.cambe.pr.gov.br\/index.php\/cruzamento-da-rua-presidente-nilo-pecanha-com-a-pr-445-esta-liberado\/#primaryimage\"},\"image\":{\"@id\":\"https:\/\/transito.cambe.pr.gov.br\/index.php\/cruzamento-da-rua-presidente-nilo-pecanha-com-a-pr-445-esta-liberado\/#primaryimage\"},\"thumbnailUrl\":\"https:\/\/www.cambe.pr.gov.br\/wp-content\/uploads\/2024\/04\/WhatsApp-Image-2024-04-01-at-2.50.31-PM-1024x576.jpeg\",\"datePublished\":\"2024-04-09T13:56:51+00:00\",\"dateModified\":\"2025-01-17T12:45:08+00:00\",\"breadcrumb\":{\"@id\":\"https:\/\/transito.cambe.pr.gov.br\/index.php\/cruzamento-da-rua-presidente-nilo-pecanha-com-a-pr-445-esta-liberado\/#breadcrumb\"},\"inLanguage\":\"pt-BR\",\"potentialAction\":[{\"@type\":\"ReadAction\",\"target\":[\"https:\/\/transito.cambe.pr.gov.br\/index.php\/cruzamento-da-rua-presidente-nilo-pecanha-com-a-pr-445-esta-liberado\/\"]}]},{\"@type\":\"ImageObject\",\"inLanguage\":\"pt-BR\",\"@id\":\"https:\/\/transito.cambe.pr.gov.br\/index.php\/cruzamento-da-rua-presidente-nilo-pecanha-com-a-pr-445-esta-liberado\/#primaryimage\",\"url\":\"https:\/\/www.cambe.pr.gov.br\/wp-content\/uploads\/2024\/04\/WhatsApp-Image-2024-04-01-at-2.50.31-PM-1024x576.jpeg\",\"contentUrl\":\"https:\/\/www.cambe.pr.gov.br\/wp-content\/uploads\/2024\/04\/WhatsApp-Image-2024-04-01-at-2.50.31-PM-1024x576.jpeg\"},{\"@type\":\"BreadcrumbList\",\"@id\":\"https:\/\/transito.cambe.pr.gov.br\/index.php\/cruzamento-da-rua-presidente-nilo-pecanha-com-a-pr-445-esta-liberado\/#breadcrumb\",\"itemListElement\":[{\"@type\":\"ListItem\",\"position\":1,\"name\":\"In\u00edcio\",\"item\":\"https:\/\/transito.cambe.pr.gov.br\/\"},{\"@type\":\"ListItem\",\"position\":2,\"name\":\"Cruzamento da Rua Presidente Nilo Pe\u00e7anha com a PR-445 est\u00e1 liberado\"}]},{\"@type\":\"WebSite\",\"@id\":\"https:\/\/transito.cambe.pr.gov.br\/#website\",\"url\":\"https:\/\/transito.cambe.pr.gov.br\/\",\"name\":\"Seguran\u00e7a P\u00fablica e Tr\u00e2nsito - Camb\u00e9\",\"description\":\"\",\"publisher\":{\"@id\":\"https:\/\/transito.cambe.pr.gov.br\/#organization\"},\"alternateName\":\"SESTRAN-Camb\u00e9\",\"potentialAction\":[{\"@type\":\"SearchAction\",\"target\":{\"@type\":\"EntryPoint\",\"urlTemplate\":\"https:\/\/transito.cambe.pr.gov.br\/?s={search_term_string}\"},\"query-input\":{\"@type\":\"PropertyValueSpecification\",\"valueRequired\":true,\"valueName\":\"search_term_string\"}}],\"inLanguage\":\"pt-BR\"},{\"@type\":\"Organization\",\"@id\":\"https:\/\/transito.cambe.pr.gov.br\/#organization\",\"name\":\"Secretaria de Seguran\u00e7a P\u00fablica e Tr\u00e2nsito de Camb\u00e9\",\"alternateName\":\"SESTRAN-Camb\u00e9\",\"url\":\"https:\/\/transito.cambe.pr.gov.br\/\",\"logo\":{\"@type\":\"ImageObject\",\"inLanguage\":\"pt-BR\",\"@id\":\"https:\/\/transito.cambe.pr.gov.br\/#\/schema\/logo\/image\/\",\"url\":\"https:\/\/transito.cambe.pr.gov.br\/wp-content\/uploads\/2023\/08\/brasao_cambe100x100.png\",\"contentUrl\":\"https:\/\/transito.cambe.pr.gov.br\/wp-content\/uploads\/2023\/08\/brasao_cambe100x100.png\",\"width\":100,\"height\":100,\"caption\":\"Secretaria de Seguran\u00e7a P\u00fablica e Tr\u00e2nsito de Camb\u00e9\"},\"image\":{\"@id\":\"https:\/\/transito.cambe.pr.gov.br\/#\/schema\/logo\/image\/\"},\"sameAs\":[\"https:\/\/www.facebook.com\/DepartamentoTransitoCambe\/\"]},{\"@type\":\"Person\",\"@id\":\"https:\/\/transito.cambe.pr.gov.br\/#\/schema\/person\/44621909dfbbf61c05ac4cc1387b6311\",\"name\":\"Lu\u00eds Fernando dos Santos\",\"image\":{\"@type\":\"ImageObject\",\"inLanguage\":\"pt-BR\",\"@id\":\"https:\/\/transito.cambe.pr.gov.br\/#\/schema\/person\/image\/\",\"url\":\"https:\/\/secure.gravatar.com\/avatar\/cab7928aa6b35078870d250208cb3f7c?s=96&d=mm&r=g\",\"contentUrl\":\"https:\/\/secure.gravatar.com\/avatar\/cab7928aa6b35078870d250208cb3f7c?s=96&d=mm&r=g\",\"caption\":\"Lu\u00eds Fernando dos Santos\"},\"url\":\"https:\/\/transito.cambe.pr.gov.br\/index.php\/author\/lfsantos\/\"}]}<\/script>\n<!-- \/ Yoast SEO plugin. -->","yoast_head_json":{"title":"Cruzamento da Rua Presidente Nilo Pe\u00e7anha com a PR-445 est\u00e1 liberado - Seguran\u00e7a P\u00fablica e Tr\u00e2nsito - Camb\u00e9","robots":{"index":"index","follow":"follow","max-snippet":"max-snippet:-1","max-image-preview":"max-image-preview:large","max-video-preview":"max-video-preview:-1"},"canonical":"https:\/\/transito.cambe.pr.gov.br\/index.php\/cruzamento-da-rua-presidente-nilo-pecanha-com-a-pr-445-esta-liberado\/","og_locale":"pt_BR","og_type":"article","og_title":"Cruzamento da Rua Presidente Nilo Pe\u00e7anha com a PR-445 est\u00e1 liberado - Seguran\u00e7a P\u00fablica e Tr\u00e2nsito - Camb\u00e9","og_description":"Por conta das obras do viaduto da PUC e o tr\u00e2nsito lento na BR-369, o Departamento de Estradas e Rodagem (DER) havia determinado que o cruzamento da Rua Presidente Nilo Pe\u00e7anha com a PR-445 fosse interditado nos hor\u00e1rios de pico para facilitar o acesso ao Parque de Exposi\u00e7\u00f5es Ney Braga durante a ExpoLondrina. No entanto, [&hellip;]","og_url":"https:\/\/transito.cambe.pr.gov.br\/index.php\/cruzamento-da-rua-presidente-nilo-pecanha-com-a-pr-445-esta-liberado\/","og_site_name":"Seguran\u00e7a P\u00fablica e Tr\u00e2nsito - Camb\u00e9","article_publisher":"https:\/\/www.facebook.com\/DepartamentoTransitoCambe\/","article_published_time":"2024-04-09T13:56:51+00:00","article_modified_time":"2025-01-17T12:45:08+00:00","og_image":[{"url":"https:\/\/www.cambe.pr.gov.br\/wp-content\/uploads\/2024\/04\/WhatsApp-Image-2024-04-01-at-2.50.31-PM-1024x576.jpeg","type":"","width":"","height":""}],"author":"Lu\u00eds Fernando dos Santos","twitter_card":"summary_large_image","twitter_misc":{"Escrito por":"Lu\u00eds Fernando dos Santos","Est. tempo de leitura":"2 minutos"},"schema":{"@context":"https:\/\/schema.org","@graph":[{"@type":"Article","@id":"https:\/\/transito.cambe.pr.gov.br\/index.php\/cruzamento-da-rua-presidente-nilo-pecanha-com-a-pr-445-esta-liberado\/#article","isPartOf":{"@id":"https:\/\/transito.cambe.pr.gov.br\/index.php\/cruzamento-da-rua-presidente-nilo-pecanha-com-a-pr-445-esta-liberado\/"},"author":{"name":"Lu\u00eds Fernando dos Santos","@id":"https:\/\/transito.cambe.pr.gov.br\/#\/schema\/person\/44621909dfbbf61c05ac4cc1387b6311"},"headline":"Cruzamento da Rua Presidente Nilo Pe\u00e7anha com a PR-445 est\u00e1 liberado","datePublished":"2024-04-09T13:56:51+00:00","dateModified":"2025-01-17T12:45:08+00:00","mainEntityOfPage":{"@id":"https:\/\/transito.cambe.pr.gov.br\/index.php\/cruzamento-da-rua-presidente-nilo-pecanha-com-a-pr-445-esta-liberado\/"},"wordCount":355,"publisher":{"@id":"https:\/\/transito.cambe.pr.gov.br\/#organization"},"image":{"@id":"https:\/\/transito.cambe.pr.gov.br\/index.php\/cruzamento-da-rua-presidente-nilo-pecanha-com-a-pr-445-esta-liberado\/#primaryimage"},"thumbnailUrl":"https:\/\/www.cambe.pr.gov.br\/wp-content\/uploads\/2024\/04\/WhatsApp-Image-2024-04-01-at-2.50.31-PM-1024x576.jpeg","articleSection":["Principal"],"inLanguage":"pt-BR"},{"@type":"WebPage","@id":"https:\/\/transito.cambe.pr.gov.br\/index.php\/cruzamento-da-rua-presidente-nilo-pecanha-com-a-pr-445-esta-liberado\/","url":"https:\/\/transito.cambe.pr.gov.br\/index.php\/cruzamento-da-rua-presidente-nilo-pecanha-com-a-pr-445-esta-liberado\/","name":"Cruzamento da Rua Presidente Nilo Pe\u00e7anha com a PR-445 est\u00e1 liberado - Seguran\u00e7a P\u00fablica e Tr\u00e2nsito - Camb\u00e9","isPartOf":{"@id":"https:\/\/transito.cambe.pr.gov.br\/#website"},"primaryImageOfPage":{"@id":"https:\/\/transito.cambe.pr.gov.br\/index.php\/cruzamento-da-rua-presidente-nilo-pecanha-com-a-pr-445-esta-liberado\/#primaryimage"},"image":{"@id":"https:\/\/transito.cambe.pr.gov.br\/index.php\/cruzamento-da-rua-presidente-nilo-pecanha-com-a-pr-445-esta-liberado\/#primaryimage"},"thumbnailUrl":"https:\/\/www.cambe.pr.gov.br\/wp-content\/uploads\/2024\/04\/WhatsApp-Image-2024-04-01-at-2.50.31-PM-1024x576.jpeg","datePublished":"2024-04-09T13:56:51+00:00","dateModified":"2025-01-17T12:45:08+00:00","breadcrumb":{"@id":"https:\/\/transito.cambe.pr.gov.br\/index.php\/cruzamento-da-rua-presidente-nilo-pecanha-com-a-pr-445-esta-liberado\/#breadcrumb"},"inLanguage":"pt-BR","potentialAction":[{"@type":"ReadAction","target":["https:\/\/transito.cambe.pr.gov.br\/index.php\/cruzamento-da-rua-presidente-nilo-pecanha-com-a-pr-445-esta-liberado\/"]}]},{"@type":"ImageObject","inLanguage":"pt-BR","@id":"https:\/\/transito.cambe.pr.gov.br\/index.php\/cruzamento-da-rua-presidente-nilo-pecanha-com-a-pr-445-esta-liberado\/#primaryimage","url":"https:\/\/www.cambe.pr.gov.br\/wp-content\/uploads\/2024\/04\/WhatsApp-Image-2024-04-01-at-2.50.31-PM-1024x576.jpeg","contentUrl":"https:\/\/www.cambe.pr.gov.br\/wp-content\/uploads\/2024\/04\/WhatsApp-Image-2024-04-01-at-2.50.31-PM-1024x576.jpeg"},{"@type":"BreadcrumbList","@id":"https:\/\/transito.cambe.pr.gov.br\/index.php\/cruzamento-da-rua-presidente-nilo-pecanha-com-a-pr-445-esta-liberado\/#breadcrumb","itemListElement":[{"@type":"ListItem","position":1,"name":"In\u00edcio","item":"https:\/\/transito.cambe.pr.gov.br\/"},{"@type":"ListItem","position":2,"name":"Cruzamento da Rua Presidente Nilo Pe\u00e7anha com a PR-445 est\u00e1 liberado"}]},{"@type":"WebSite","@id":"https:\/\/transito.cambe.pr.gov.br\/#website","url":"https:\/\/transito.cambe.pr.gov.br\/","name":"Seguran\u00e7a P\u00fablica e Tr\u00e2nsito - Camb\u00e9","description":"","publisher":{"@id":"https:\/\/transito.cambe.pr.gov.br\/#organization"},"alternateName":"SESTRAN-Camb\u00e9","potentialAction":[{"@type":"SearchAction","target":{"@type":"EntryPoint","urlTemplate":"https:\/\/transito.cambe.pr.gov.br\/?s={search_term_string}"},"query-input":{"@type":"PropertyValueSpecification","valueRequired":true,"valueName":"search_term_string"}}],"inLanguage":"pt-BR"},{"@type":"Organization","@id":"https:\/\/transito.cambe.pr.gov.br\/#organization","name":"Secretaria de Seguran\u00e7a P\u00fablica e Tr\u00e2nsito de Camb\u00e9","alternateName":"SESTRAN-Camb\u00e9","url":"https:\/\/transito.cambe.pr.gov.br\/","logo":{"@type":"ImageObject","inLanguage":"pt-BR","@id":"https:\/\/transito.cambe.pr.gov.br\/#\/schema\/logo\/image\/","url":"https:\/\/transito.cambe.pr.gov.br\/wp-content\/uploads\/2023\/08\/brasao_cambe100x100.png","contentUrl":"https:\/\/transito.cambe.pr.gov.br\/wp-content\/uploads\/2023\/08\/brasao_cambe100x100.png","width":100,"height":100,"caption":"Secretaria de Seguran\u00e7a P\u00fablica e Tr\u00e2nsito de Camb\u00e9"},"image":{"@id":"https:\/\/transito.cambe.pr.gov.br\/#\/schema\/logo\/image\/"},"sameAs":["https:\/\/www.facebook.com\/DepartamentoTransitoCambe\/"]},{"@type":"Person","@id":"https:\/\/transito.cambe.pr.gov.br\/#\/schema\/person\/44621909dfbbf61c05ac4cc1387b6311","name":"Lu\u00eds Fernando dos Santos","image":{"@type":"ImageObject","inLanguage":"pt-BR","@id":"https:\/\/transito.cambe.pr.gov.br\/#\/schema\/person\/image\/","url":"https:\/\/secure.gravatar.com\/avatar\/cab7928aa6b35078870d250208cb3f7c?s=96&d=mm&r=g","contentUrl":"https:\/\/secure.gravatar.com\/avatar\/cab7928aa6b35078870d250208cb3f7c?s=96&d=mm&r=g","caption":"Lu\u00eds Fernando dos Santos"},"url":"https:\/\/transito.cambe.pr.gov.br\/index.php\/author\/lfsantos\/"}]}},"_links":{"self":[{"href":"https:\/\/transito.cambe.pr.gov.br\/index.php\/wp-json\/wp\/v2\/posts\/574","targetHints":{"allow":["GET"]}}],"collection":[{"href":"https:\/\/transito.cambe.pr.gov.br\/index.php\/wp-json\/wp\/v2\/posts"}],"about":[{"href":"https:\/\/transito.cambe.pr.gov.br\/index.php\/wp-json\/wp\/v2\/types\/post"}],"author":[{"embeddable":true,"href":"https:\/\/transito.cambe.pr.gov.br\/index.php\/wp-json\/wp\/v2\/users\/3"}],"replies":[{"embeddable":true,"href":"https:\/\/transito.cambe.pr.gov.br\/index.php\/wp-json\/wp\/v2\/comments?post=574"}],"version-history":[{"count":6,"href":"https:\/\/transito.cambe.pr.gov.br\/index.php\/wp-json\/wp\/v2\/posts\/574\/revisions"}],"predecessor-version":[{"id":1556,"href":"https:\/\/transito.cambe.pr.gov.br\/index.php\/wp-json\/wp\/v2\/posts\/574\/revisions\/1556"}],"wp:attachment":[{"href":"https:\/\/transito.cambe.pr.gov.br\/index.php\/wp-json\/wp\/v2\/media?parent=574"}],"wp:term":[{"taxonomy":"category","embeddable":true,"href":"https:\/\/transito.cambe.pr.gov.br\/index.php\/wp-json\/wp\/v2\/categories?post=574"},{"taxonomy":"post_tag","embeddable":true,"href":"https:\/\/transito.cambe.pr.gov.br\/index.php\/wp-json\/wp\/v2\/tags?post=574"}],"curies":[{"name":"wp","href":"https:\/\/api.w.org\/{rel}","templated":true}]}}